{"id":165,"date":"2025-06-17T07:18:07","date_gmt":"2025-06-17T07:18:07","guid":{"rendered":"https:\/\/interamericanaprogreso.org\/?p=165"},"modified":"2025-06-17T07:18:07","modified_gmt":"2025-06-17T07:18:07","slug":"interamericana-progreso-gestiono-primera-conferencia-internacional-en-tarapaca","status":"publish","type":"post","link":"https:\/\/interamericanaprogreso.org\/?p=165","title":{"rendered":"INTERAMERICANA PROGRESO GESTION\u00d3 PRIMERA CONFERENCIA INTERNACIONAL EN TARAPAC\u00c1"},"content":{"rendered":"\n<p>Realizado por primera vez en la regi\u00f3n, el encuentro tuvo lugar en Pica y fue gestionado por la ONG Interamericana Progreso con el objetivo de generar v\u00ednculos econ\u00f3micos entre el extranjero y Tarapac\u00e1. La instancia busc\u00f3 atraer financiamiento para emprendedores, empresarios y municipios, destacando adem\u00e1s el turismo de larga distancia como una oportunidad para posicionar a la regi\u00f3n en mercados internacionales.<\/p>\n\n\n\n<figure class=\"wp-block-embed is-type-video is-provider-youtube wp-block-embed-youtube wp-embed-aspect-4-3 wp-has-aspect-ratio\"><div class=\"wp-block-embed__wrapper\">\n<iframe loading=\"lazy\" title=\"ONG GESTION\u00d3 LA PRIMERA CONFERENCIA INTERNACIONAL PARA CONECTAR A TARAPAC\u00c1 CON INVERSI\u00d3N EXTRANJERA\" width=\"1040\" height=\"780\" src=\"https:\/\/www.youtube.com\/embed\/s7z6HCmiqF4?feature=oembed\" frameborder=\"0\" allow=\"accelerometer; autoplay; clipboard-write; encrypted-media; gyroscope; picture-in-picture; web-share\" referrerpolicy=\"strict-origin-when-cross-origin\" allowfullscreen><\/iframe>\n<\/div><\/figure>\n","protected":false},"excerpt":{"rendered":"<p>Realizado por primera vez en la regi\u00f3n, el encuentro tuvo lugar en Pica y fue gestionado por la ONG Interamericana Progreso con el objetivo de<span class=\"more-button\"><a href=\"https:\/\/interamericanaprogreso.org\/?p=165\" class=\"more-link\">Seguir leyendo<span class=\"screen-reader-text\">INTERAMERICANA PROGRESO GESTION\u00d3 PRIMERA CONFERENCIA INTERNACIONAL EN TARAPAC\u00c1<\/span><\/a><\/span><\/p>\n","protected":false},"author":1,"featured_media":166,"comment_status":"open","ping_status":"open","sticky":false,"template":"","format":"standard","meta":{"footnotes":""},"categories":[1],"tags":[],"class_list":["post-165","post","type-post","status-publish","format-standard","has-post-thumbnail","hentry","category-prensa"],"_links":{"self":[{"href":"https:\/\/interamericanaprogreso.org\/index.php?rest_route=\/wp\/v2\/posts\/165","targetHints":{"allow":["GET"]}}],"collection":[{"href":"https:\/\/interamericanaprogreso.org\/index.php?rest_route=\/wp\/v2\/posts"}],"about":[{"href":"https:\/\/interamericanaprogreso.org\/index.php?rest_route=\/wp\/v2\/types\/post"}],"author":[{"embeddable":true,"href":"https:\/\/interamericanaprogreso.org\/index.php?rest_route=\/wp\/v2\/users\/1"}],"replies":[{"embeddable":true,"href":"https:\/\/interamericanaprogreso.org\/index.php?rest_route=%2Fwp%2Fv2%2Fcomments&post=165"}],"version-history":[{"count":1,"href":"https:\/\/interamericanaprogreso.org\/index.php?rest_route=\/wp\/v2\/posts\/165\/revisions"}],"predecessor-version":[{"id":167,"href":"https:\/\/interamericanaprogreso.org\/index.php?rest_route=\/wp\/v2\/posts\/165\/revisions\/167"}],"wp:featuredmedia":[{"embeddable":true,"href":"https:\/\/interamericanaprogreso.org\/index.php?rest_route=\/wp\/v2\/media\/166"}],"wp:attachment":[{"href":"https:\/\/interamericanaprogreso.org\/index.php?rest_route=%2Fwp%2Fv2%2Fmedia&parent=165"}],"wp:term":[{"taxonomy":"category","embeddable":true,"href":"https:\/\/interamericanaprogreso.org\/index.php?rest_route=%2Fwp%2Fv2%2Fcategories&post=165"},{"taxonomy":"post_tag","embeddable":true,"href":"https:\/\/interamericanaprogreso.org\/index.php?rest_route=%2Fwp%2Fv2%2Ftags&post=165"}],"curies":[{"name":"wp","href":"https:\/\/api.w.org\/{rel}","templated":true}]}}