{"id":159,"date":"2025-06-17T06:47:58","date_gmt":"2025-06-17T06:47:58","guid":{"rendered":"https:\/\/interamericanaprogreso.org\/?p=159"},"modified":"2025-06-17T07:19:25","modified_gmt":"2025-06-17T07:19:25","slug":"ong-iquiquena-viaja-a-corea-del-sur-para-impulsar-el-turismo-y-el-comercio","status":"publish","type":"post","link":"https:\/\/interamericanaprogreso.org\/?p=159","title":{"rendered":"ONG IQUIQUE\u00d1A VIAJA A COREA DEL SUR PARA IMPULSAR EL TURISMO Y EL COMERCIO"},"content":{"rendered":"\n<p>La organizaci\u00f3n Interamericana Progreso concret\u00f3 reuniones  el  2024 con empresarios y autoridades coreanas para posicionar a Tarapac\u00e1 como un destino atractivo y abrir nuevas oportunidades comerciales.<\/p>\n\n\n\n<figure class=\"wp-block-embed is-type-video is-provider-youtube wp-block-embed-youtube wp-embed-aspect-16-9 wp-has-aspect-ratio\"><div class=\"wp-block-embed__wrapper\">\n<iframe loading=\"lazy\" title=\"ONG IQUIQUE\u00d1A VIAJA A COREA DEL SUR PARA IMPULSAR EL TURISO Y EL COMERCIO\" width=\"1040\" height=\"585\" src=\"https:\/\/www.youtube.com\/embed\/Gn5yi4HzSbo?feature=oembed\" frameborder=\"0\" allow=\"accelerometer; autoplay; clipboard-write; encrypted-media; gyroscope; picture-in-picture; web-share\" referrerpolicy=\"strict-origin-when-cross-origin\" allowfullscreen><\/iframe>\n<\/div><\/figure>\n","protected":false},"excerpt":{"rendered":"<p>La organizaci\u00f3n Interamericana Progreso concret\u00f3 reuniones el 2024 con empresarios y autoridades coreanas para posicionar a Tarapac\u00e1 como un destino atractivo y abrir nuevas oportunidades<span class=\"more-button\"><a href=\"https:\/\/interamericanaprogreso.org\/?p=159\" class=\"more-link\">Seguir leyendo<span class=\"screen-reader-text\">ONG IQUIQUE\u00d1A VIAJA A COREA DEL SUR PARA IMPULSAR EL TURISMO Y EL COMERCIO<\/span><\/a><\/span><\/p>\n","protected":false},"author":1,"featured_media":160,"comment_status":"open","ping_status":"open","sticky":false,"template":"","format":"standard","meta":{"footnotes":""},"categories":[1],"tags":[],"class_list":["post-159","post","type-post","status-publish","format-standard","has-post-thumbnail","hentry","category-prensa"],"_links":{"self":[{"href":"https:\/\/interamericanaprogreso.org\/index.php?rest_route=\/wp\/v2\/posts\/159","targetHints":{"allow":["GET"]}}],"collection":[{"href":"https:\/\/interamericanaprogreso.org\/index.php?rest_route=\/wp\/v2\/posts"}],"about":[{"href":"https:\/\/interamericanaprogreso.org\/index.php?rest_route=\/wp\/v2\/types\/post"}],"author":[{"embeddable":true,"href":"https:\/\/interamericanaprogreso.org\/index.php?rest_route=\/wp\/v2\/users\/1"}],"replies":[{"embeddable":true,"href":"https:\/\/interamericanaprogreso.org\/index.php?rest_route=%2Fwp%2Fv2%2Fcomments&post=159"}],"version-history":[{"count":2,"href":"https:\/\/interamericanaprogreso.org\/index.php?rest_route=\/wp\/v2\/posts\/159\/revisions"}],"predecessor-version":[{"id":168,"href":"https:\/\/interamericanaprogreso.org\/index.php?rest_route=\/wp\/v2\/posts\/159\/revisions\/168"}],"wp:featuredmedia":[{"embeddable":true,"href":"https:\/\/interamericanaprogreso.org\/index.php?rest_route=\/wp\/v2\/media\/160"}],"wp:attachment":[{"href":"https:\/\/interamericanaprogreso.org\/index.php?rest_route=%2Fwp%2Fv2%2Fmedia&parent=159"}],"wp:term":[{"taxonomy":"category","embeddable":true,"href":"https:\/\/interamericanaprogreso.org\/index.php?rest_route=%2Fwp%2Fv2%2Fcategories&post=159"},{"taxonomy":"post_tag","embeddable":true,"href":"https:\/\/interamericanaprogreso.org\/index.php?rest_route=%2Fwp%2Fv2%2Ftags&post=159"}],"curies":[{"name":"wp","href":"https:\/\/api.w.org\/{rel}","templated":true}]}}