{"id":140,"date":"2025-06-17T05:56:40","date_gmt":"2025-06-17T05:56:40","guid":{"rendered":"https:\/\/interamericanaprogreso.org\/?p=140"},"modified":"2025-06-17T07:20:11","modified_gmt":"2025-06-17T07:20:11","slug":"consul-de-paraguay-en-iquique-es-distinguido-por-su-rol-clave-en-la-integracion-comercial-y-turistica-del-norte-de-chile","status":"publish","type":"post","link":"https:\/\/interamericanaprogreso.org\/?p=140","title":{"rendered":"C\u00d3NSUL DE PARAGUAY EN IQUIQUE ES DISTINGUIDO POR SU ROL CLAVE EN LA INTEGRACI\u00d3N COMERCIAL Y TUR\u00cdSTICA DEL NORTE DE CHILE"},"content":{"rendered":"\n<ul class=\"wp-block-list\">\n<li><strong><em>La distinci\u00f3n fue otorgada por una ONG internacional en el marco de las gestiones impulsadas para fortalecer v\u00ednculos econ\u00f3micos entre la Zona Franca de Iquique y pa\u00edses vecinos, destacando el trabajo diplom\u00e1tico orientado al intercambio de productos c\u00e1rnicos y promoci\u00f3n del turismo.<\/em><\/strong><\/li>\n<\/ul>\n\n\n\n<p>(2025) En una ceremonia realizada en la ciudad de Iquique, el c\u00f3nsul de Paraguay con residencia en la Regi\u00f3n de Tarapac\u00e1 recibi\u00f3 un reconocimiento oficial por parte de una ONG internacional, en m\u00e9rito a su destacado aporte al fortalecimiento de los v\u00ednculos comerciales y tur\u00edsticos entre el norte de Chile y pa\u00edses de Am\u00e9rica del Sur, en especial a trav\u00e9s de alianzas estrat\u00e9gicas con la Zona Franca de Iquique (ZOFRI).<\/p>\n\n\n\n<p>La distinci\u00f3n se enmarca dentro de una serie de acciones diplom\u00e1ticas y comerciales promovidas por la autoridad consular, orientadas a estimular el intercambio econ\u00f3mico, con \u00e9nfasis en la apertura de mercados para productos c\u00e1rnicos paraguayos y la potenciaci\u00f3n del turismo regional. Las gestiones han sido valoradas como fundamentales para avanzar en una mayor integraci\u00f3n comercial internacional desde el norte de Chile.<\/p>\n\n\n\n<p><strong>IMPULSO A NEGOCIOS ESTRATPEGICOS<\/strong><\/p>\n\n\n\n<p>Durante el acto, el representante de la organizaci\u00f3n internacional Zia Hul Haq, integrante de la comisi\u00f3n que lider\u00f3 la entrega del reconocimiento, destac\u00f3 que este homenaje responde al rol proactivo del c\u00f3nsul paraguayo en materia de negociaciones internacionales y cooperaci\u00f3n regional. \u201cEste reconocimiento obedece al aporte significativo en aspectos de negocios entre pa\u00edses del norte y las relaciones internacionales. Su gesti\u00f3n ha permitido abrir nuevas rutas comerciales, en especial vinculadas al sector alimentario y log\u00edstico\u201d, declar\u00f3 Hul Haq. De igual forma particip\u00f3 en este reconocimiento Juana Henr\u00edquez quien es la directora de Relaciones Internacionales<\/p>\n\n\n\n<p>Asimismo, enfatiz\u00f3 que estas iniciativas permiten no solo mejorar el clima de negocios, sino tambi\u00e9n estrechar la colaboraci\u00f3n bilateral en temas como inversi\u00f3n, empleo, transferencia tecnol\u00f3gica y desarrollo de cadenas log\u00edsticas sostenibles.<\/p>\n\n\n\n<p><strong>V\u00cdNCULO CON LA ZONA FRANCA DE IQUIQUE<\/strong><\/p>\n\n\n\n<p>Uno de los pilares del trabajo del c\u00f3nsul ha sido la articulaci\u00f3n de acuerdos comerciales con operadores de la ZOFRI, facilitando canales de exportaci\u00f3n para productos de origen paraguayo, en especial carne bovina y derivados c\u00e1rnicos, que tienen gran proyecci\u00f3n en el norte chileno y en los mercados regionales andinos.<\/p>\n\n\n\n<p>Seg\u00fan fuentes diplom\u00e1ticas, se encuentran en evaluaci\u00f3n futuras ruedas de negocios y encuentros binacionales que permitir\u00e1n fortalecer estas iniciativas, con el respaldo de organismos internacionales y c\u00e1maras de comercio del norte del pa\u00eds.<\/p>\n\n\n\n<p><strong>APORTE AL TURISMO REGIONAL<\/strong><\/p>\n\n\n\n<p>Adem\u00e1s del impulso comercial, el reconocimiento valor\u00f3 las gestiones del c\u00f3nsul en la promoci\u00f3n del turismo regional como eje de integraci\u00f3n. Diversas campa\u00f1as de cooperaci\u00f3n cultural y patrimonial se han iniciado en alianza con oficinas municipales y entes tur\u00edsticos, lo que proyecta un flujo binacional m\u00e1s robusto, con beneficios para peque\u00f1as y medianas empresas del rubro hotelero, gastron\u00f3mico y de servicios tur\u00edsticos.<\/p>\n\n\n\n<p>\u201cDesde Paraguay se est\u00e1 mirando al norte de Chile como una plataforma con potencial estrat\u00e9gico, no solo por su Zona Franca, sino tambi\u00e9n por su conectividad y desarrollo en infraestructura tur\u00edstica. Eso es parte de esta nueva diplomacia econ\u00f3mica que celebramos\u201d, agreg\u00f3 Zia Hul Haq.<\/p>\n\n\n\n<p><strong>PROYECCIONES DE COOPERACI\u00d3N<\/strong><\/p>\n\n\n\n<p>El reconocimiento fue acompa\u00f1ado de una invitaci\u00f3n a fortalecer a\u00fan m\u00e1s las relaciones comerciales y culturales entre ambos pa\u00edses, con \u00e9nfasis en las ciudades intermedias del cono sur. Asimismo, se anunci\u00f3 que se trabaja en la creaci\u00f3n de un foro binacional permanente, con sede en Iquique, donde se analicen nuevas oportunidades de inversi\u00f3n entre Paraguay, Chile y otras econom\u00edas emergentes de la regi\u00f3n.<\/p>\n\n\n\n<p>(Publicado por <strong><a href=\"https:\/\/diariolongino.cl\/reconocen-al-consul-de-paraguay-en-iquique-por-su-contribucion-a-la-integracion-comercial-y-turistica-del-norte-de-chile\/\" data-type=\"link\" data-id=\"https:\/\/diariolongino.cl\/reconocen-al-consul-de-paraguay-en-iquique-por-su-contribucion-a-la-integracion-comercial-y-turistica-del-norte-de-chile\/\">Diario El Longino)<\/a><\/strong><\/p>\n\n\n\n<figure class=\"wp-block-image size-large\"><img loading=\"lazy\" decoding=\"async\" width=\"1024\" height=\"772\" src=\"https:\/\/interamericanaprogreso.org\/wp-content\/uploads\/2025\/06\/image-1024x772.png\" alt=\"\" class=\"wp-image-142\" srcset=\"https:\/\/interamericanaprogreso.org\/wp-content\/uploads\/2025\/06\/image-1024x772.png 1024w, https:\/\/interamericanaprogreso.org\/wp-content\/uploads\/2025\/06\/image-300x226.png 300w, https:\/\/interamericanaprogreso.org\/wp-content\/uploads\/2025\/06\/image-768x579.png 768w, https:\/\/interamericanaprogreso.org\/wp-content\/uploads\/2025\/06\/image.png 1152w\" sizes=\"auto, (max-width: 1024px) 100vw, 1024px\" \/><\/figure>\n\n\n\n<p><\/p>\n","protected":false},"excerpt":{"rendered":"<p>(2025) En una ceremonia realizada en la ciudad de Iquique, el c\u00f3nsul de Paraguay con residencia en la Regi\u00f3n de Tarapac\u00e1 recibi\u00f3 un reconocimiento oficial<span class=\"more-button\"><a href=\"https:\/\/interamericanaprogreso.org\/?p=140\" class=\"more-link\">Seguir leyendo<span class=\"screen-reader-text\">C\u00d3NSUL DE PARAGUAY EN IQUIQUE ES DISTINGUIDO POR SU ROL CLAVE EN LA INTEGRACI\u00d3N COMERCIAL Y TUR\u00cdSTICA DEL NORTE DE CHILE<\/span><\/a><\/span><\/p>\n","protected":false},"author":1,"featured_media":143,"comment_status":"open","ping_status":"open","sticky":false,"template":"","format":"standard","meta":{"footnotes":""},"categories":[1],"tags":[7,9],"class_list":["post-140","post","type-post","status-publish","format-standard","has-post-thumbnail","hentry","category-prensa","tag-paraguay","tag-tarapaca"],"_links":{"self":[{"href":"https:\/\/interamericanaprogreso.org\/index.php?rest_route=\/wp\/v2\/posts\/140","targetHints":{"allow":["GET"]}}],"collection":[{"href":"https:\/\/interamericanaprogreso.org\/index.php?rest_route=\/wp\/v2\/posts"}],"about":[{"href":"https:\/\/interamericanaprogreso.org\/index.php?rest_route=\/wp\/v2\/types\/post"}],"author":[{"embeddable":true,"href":"https:\/\/interamericanaprogreso.org\/index.php?rest_route=\/wp\/v2\/users\/1"}],"replies":[{"embeddable":true,"href":"https:\/\/interamericanaprogreso.org\/index.php?rest_route=%2Fwp%2Fv2%2Fcomments&post=140"}],"version-history":[{"count":4,"href":"https:\/\/interamericanaprogreso.org\/index.php?rest_route=\/wp\/v2\/posts\/140\/revisions"}],"predecessor-version":[{"id":169,"href":"https:\/\/interamericanaprogreso.org\/index.php?rest_route=\/wp\/v2\/posts\/140\/revisions\/169"}],"wp:featuredmedia":[{"embeddable":true,"href":"https:\/\/interamericanaprogreso.org\/index.php?rest_route=\/wp\/v2\/media\/143"}],"wp:attachment":[{"href":"https:\/\/interamericanaprogreso.org\/index.php?rest_route=%2Fwp%2Fv2%2Fmedia&parent=140"}],"wp:term":[{"taxonomy":"category","embeddable":true,"href":"https:\/\/interamericanaprogreso.org\/index.php?rest_route=%2Fwp%2Fv2%2Fcategories&post=140"},{"taxonomy":"post_tag","embeddable":true,"href":"https:\/\/interamericanaprogreso.org\/index.php?rest_route=%2Fwp%2Fv2%2Ftags&post=140"}],"curies":[{"name":"wp","href":"https:\/\/api.w.org\/{rel}","templated":true}]}}